{"id":1006,"date":"2008-10-20T16:16:14","date_gmt":"2008-10-20T19:16:14","guid":{"rendered":"http:\/\/www.fernandoquadro.com.br\/html\/?p=1006"},"modified":"2008-10-21T09:30:15","modified_gmt":"2008-10-21T12:30:15","slug":"relatos-do-rails-summit-2008","status":"publish","type":"post","link":"https:\/\/www.fernandoquadro.com.br\/html\/2008\/10\/20\/relatos-do-rails-summit-2008\/","title":{"rendered":"Relatos do Rails Summit 2008"},"content":{"rendered":"<p>Como j\u00e1 \u00e9 de conhecimento de todos, no \u00faltimo dia 15 e 16 de outubro aconteceu em S\u00e3o Paulo, o Rails Summit Latin Am\u00e9rica 2008, um evento muito esperado pela comunidade Rails do Brasil, que anciava por um evento deste porte. <\/p>\n<p><center><br \/>\n<img loading=\"lazy\" decoding=\"async\" src=\"http:\/\/www.fernandoquadro.com.br\/html\/wp-content\/uploads\/2008\/10\/fotos_rails_summit.jpg\" alt=\"\" title=\"\" width=\"500\" height=\"332\" class=\"alignnone size-full wp-image-1007\" srcset=\"https:\/\/www.fernandoquadro.com.br\/html\/wp-content\/uploads\/2008\/10\/fotos_rails_summit.jpg 500w, https:\/\/www.fernandoquadro.com.br\/html\/wp-content\/uploads\/2008\/10\/fotos_rails_summit-300x199.jpg 300w\" sizes=\"auto, (max-width: 500px) 100vw, 500px\" \/><br \/>\n<\/center><\/p>\n<p>Os grandes \u00edcones do Rails mundial estiveram no Brasil nesses dias. Eu infelizmente n\u00e3o pude comparecer neste evento, mas muita gente da comunidade participou e est\u00e1 postando suas impress\u00f5es do evento. Abaixo, vou elencar alguns blogs que j\u00e1 postaram sobre o evento. Ent\u00e3o se voc\u00ea tamb\u00e9m n\u00e3o foi no evento, mas quer saber, o que rolou l\u00e1, de uma lida nos links abaixo:<\/p>\n<p>1. <a href=\"http:\/\/feedproxy.google.com\/~r\/VidaGeek\/~3\/1O_DzdTkdMw\/\" target=\"_blank\">Vida Geek<\/a><br \/>\n2. <a href=\"http:\/\/feeds.feedburner.com\/~r\/simplesideias\/~3\/423678606\/\" target=\"_blank\">Nando Vieira<\/a><br \/>\n3. <a href=\"http:\/\/blogblogs.com.br\/livestream\/name\/railssummit\" target=\"_blank\">Livestream  &#8211; BlogBlogs<\/a><br \/>\n4. <a href=\"http:\/\/blog.shadowmaru.org\/2008\/10\/17\/rails-summit-a-experiencia-pessoal\" target=\"_blank\">Shadowmaru<\/a><br \/>\n5. <a href=\"http:\/\/blog.mmediasys.com\/2008\/10\/18\/my-impressions-from-rails-summit-la-2008\/\" target=\"_blank\">Rails Summit &#8211; Luis<\/a><br \/>\n6. <a href=\"http:\/\/blog.seatecnologia.com.br\/articles\/2008\/10\/19\/a-nova-escola-da-ti\" target=\"_blank\">Sea Tecnologia<\/a><br \/>\n7. <a href=\"http:\/\/andrefaria.com\/2008\/10\/20\/participacao-no-rails-summit-latin-america\/\" target=\"_blank\">Andr\u00e9 Faria Gomes<\/a><br \/>\n<strong>8. <a href=\"http:\/\/www.akitaonrails.com\/2008\/10\/20\/rails-summit-sucesso-comunidade\" target=\"_blank\">F\u00e1bio Akita<\/a><\/strong><br \/>\n9. <a href=\"http:\/\/blog.aspercom.com.br\/2008\/10\/20\/rails-summit-retrospective\/\" target=\"_blank\">Rodrigo Yoshima<\/a><\/p>\n<p>Se voc\u00ea que est\u00e1 lendo, foi no Rails Summit, e postou algo em seu blog, adicione o link nos coment\u00e1rios. <\/p>\n","protected":false},"excerpt":{"rendered":"<p>Como j\u00e1 \u00e9 de conhecimento de todos, no \u00faltimo dia 15 e 16 de outubro aconteceu em S\u00e3o Paulo, o Rails Summit Latin Am\u00e9rica 2008, um evento muito esperado pela comunidade Rails do Brasil, que anciava por um evento deste&#8230; <a class=\"more-link\" href=\"https:\/\/www.fernandoquadro.com.br\/html\/2008\/10\/20\/relatos-do-rails-summit-2008\/\">Continue Reading &rarr;<\/a><\/p>\n","protected":false},"author":275,"featured_media":0,"comment_status":"open","ping_status":"closed","sticky":false,"template":"","format":"standard","meta":{"footnotes":""},"categories":[37,80,23,31,25,6],"tags":[234,241,99,222,229],"class_list":["post-1006","post","type-post","status-publish","format-standard","hentry","category-evento","category-programacao","category-ruby","category-ruby-on-rails","category-software","category-tecnologia","tag-evento","tag-programacao","tag-rails-summit","tag-ruby","tag-ruby-on-rails"],"_links":{"self":[{"href":"https:\/\/www.fernandoquadro.com.br\/html\/wp-json\/wp\/v2\/posts\/1006","targetHints":{"allow":["GET"]}}],"collection":[{"href":"https:\/\/www.fernandoquadro.com.br\/html\/wp-json\/wp\/v2\/posts"}],"about":[{"href":"https:\/\/www.fernandoquadro.com.br\/html\/wp-json\/wp\/v2\/types\/post"}],"author":[{"embeddable":true,"href":"https:\/\/www.fernandoquadro.com.br\/html\/wp-json\/wp\/v2\/users\/275"}],"replies":[{"embeddable":true,"href":"https:\/\/www.fernandoquadro.com.br\/html\/wp-json\/wp\/v2\/comments?post=1006"}],"version-history":[{"count":7,"href":"https:\/\/www.fernandoquadro.com.br\/html\/wp-json\/wp\/v2\/posts\/1006\/revisions"}],"predecessor-version":[{"id":1012,"href":"https:\/\/www.fernandoquadro.com.br\/html\/wp-json\/wp\/v2\/posts\/1006\/revisions\/1012"}],"wp:attachment":[{"href":"https:\/\/www.fernandoquadro.com.br\/html\/wp-json\/wp\/v2\/media?parent=1006"}],"wp:term":[{"taxonomy":"category","embeddable":true,"href":"https:\/\/www.fernandoquadro.com.br\/html\/wp-json\/wp\/v2\/categories?post=1006"},{"taxonomy":"post_tag","embeddable":true,"href":"https:\/\/www.fernandoquadro.com.br\/html\/wp-json\/wp\/v2\/tags?post=1006"}],"curies":[{"name":"wp","href":"https:\/\/api.w.org\/{rel}","templated":true}]}}