{"id":1062,"date":"2008-10-30T09:16:05","date_gmt":"2008-10-30T12:16:05","guid":{"rendered":"http:\/\/www.fernandoquadro.com.br\/html\/?p=1062"},"modified":"2008-10-30T09:16:05","modified_gmt":"2008-10-30T12:16:05","slug":"natal-nao-sera-mais-do-notebook","status":"publish","type":"post","link":"https:\/\/www.fernandoquadro.com.br\/html\/2008\/10\/30\/natal-nao-sera-mais-do-notebook\/","title":{"rendered":"Natal n\u00e3o ser\u00e1 mais do Notebook"},"content":{"rendered":"<p>&#8220;O Estado de S\u00e3o Paulo publicou mat\u00e9ria em 26 de outubro informando: &#8220;<a href=\"http:\/\/www.estadao.com.br\/estadaodehoje\/20081026\/not_imp266530,0.php\">Natal n\u00e3o ser\u00e1 mais do Notebook<\/a>&#8220;.<\/p>\n<p>Segundo declara\u00e7\u00f5es de um dirigente da Associa\u00e7\u00e3o Brasileira da Ind\u00fastria El\u00e9trica e Eletr\u00f4nica, a <a href=\"http:\/\/www.notebooks-site.com\/blog\/a-crise-economica-e-o-mercado-de-notebooks\/\">recente crise econ\u00f4mica<\/a> que atingiu o mercado de notebooks fez com que alguns fabricantes brasileiros suspendessem a importa\u00e7\u00e3o de m\u00e1quinas e componentes; os fabricantes ficaram aguardando uma melhor defini\u00e7\u00e3o no valor do d\u00f3lar, o que at\u00e9 agora n\u00e3o ocorreu.&#8221;<\/p>\n<p><center><br \/>\n<img loading=\"lazy\" decoding=\"async\" src=\"http:\/\/www.fernandoquadro.com.br\/html\/wp-content\/uploads\/2008\/10\/notebook.jpg\" alt=\"\" title=\"\" width=\"400\" height=\"324\" class=\"alignnone size-full wp-image-1063\" srcset=\"https:\/\/www.fernandoquadro.com.br\/html\/wp-content\/uploads\/2008\/10\/notebook.jpg 400w, https:\/\/www.fernandoquadro.com.br\/html\/wp-content\/uploads\/2008\/10\/notebook-300x243.jpg 300w\" sizes=\"auto, (max-width: 400px) 100vw, 400px\" \/><br \/>\n<\/center><\/p>\n<p>Para os mais otimistas que achavam que o Brasil estava bem cal\u00e7ado e que a crise n\u00e3o iria chegar, os sinais j\u00e1 est\u00e3o se apresentando. Com o aumento substancial do d\u00f3lar, era quest\u00e3o de tempo para que os nossos componentes eletr\u00f4nicos fossem afetados, afinal a grande maioria vem de fora do pa\u00eds e a moeda para compra \u00e9 o d\u00f3lar.<br \/>\nPara quem estava pensando em adquirir seu notebook no Natal, \u00e9 melhor fazer o investimento o quanto antes, pois no Natal pode ficar muito tarde e tamb\u00e9m muito CARO.<\/p>\n<p>Fonte: <a href=\"http:\/\/www.notebooks-site.com\/blog\/natal-2008-pode-haver-falta-de-notebooks\/\" target=\"_blank\">Notebook Blog<\/a><\/p>\n","protected":false},"excerpt":{"rendered":"<p>&#8220;O Estado de S\u00e3o Paulo publicou mat\u00e9ria em 26 de outubro informando: &#8220;Natal n\u00e3o ser\u00e1 mais do Notebook&#8220;. Segundo declara\u00e7\u00f5es de um dirigente da Associa\u00e7\u00e3o Brasileira da Ind\u00fastria El\u00e9trica e Eletr\u00f4nica, a recente crise econ\u00f4mica que atingiu o mercado de&#8230; <a class=\"more-link\" href=\"https:\/\/www.fernandoquadro.com.br\/html\/2008\/10\/30\/natal-nao-sera-mais-do-notebook\/\">Continue Reading &rarr;<\/a><\/p>\n","protected":false},"author":275,"featured_media":0,"comment_status":"open","ping_status":"closed","sticky":false,"template":"","format":"standard","meta":{"footnotes":""},"categories":[19,6],"tags":[98,207],"class_list":["post-1062","post","type-post","status-publish","format-standard","hentry","category-noticia","category-tecnologia","tag-notebook","tag-tecnologia"],"_links":{"self":[{"href":"https:\/\/www.fernandoquadro.com.br\/html\/wp-json\/wp\/v2\/posts\/1062","targetHints":{"allow":["GET"]}}],"collection":[{"href":"https:\/\/www.fernandoquadro.com.br\/html\/wp-json\/wp\/v2\/posts"}],"about":[{"href":"https:\/\/www.fernandoquadro.com.br\/html\/wp-json\/wp\/v2\/types\/post"}],"author":[{"embeddable":true,"href":"https:\/\/www.fernandoquadro.com.br\/html\/wp-json\/wp\/v2\/users\/275"}],"replies":[{"embeddable":true,"href":"https:\/\/www.fernandoquadro.com.br\/html\/wp-json\/wp\/v2\/comments?post=1062"}],"version-history":[{"count":6,"href":"https:\/\/www.fernandoquadro.com.br\/html\/wp-json\/wp\/v2\/posts\/1062\/revisions"}],"predecessor-version":[{"id":1069,"href":"https:\/\/www.fernandoquadro.com.br\/html\/wp-json\/wp\/v2\/posts\/1062\/revisions\/1069"}],"wp:attachment":[{"href":"https:\/\/www.fernandoquadro.com.br\/html\/wp-json\/wp\/v2\/media?parent=1062"}],"wp:term":[{"taxonomy":"category","embeddable":true,"href":"https:\/\/www.fernandoquadro.com.br\/html\/wp-json\/wp\/v2\/categories?post=1062"},{"taxonomy":"post_tag","embeddable":true,"href":"https:\/\/www.fernandoquadro.com.br\/html\/wp-json\/wp\/v2\/tags?post=1062"}],"curies":[{"name":"wp","href":"https:\/\/api.w.org\/{rel}","templated":true}]}}