{"id":1073,"date":"2008-11-12T12:27:11","date_gmt":"2008-11-12T15:27:11","guid":{"rendered":"http:\/\/www.fernandoquadro.com.br\/html\/?p=1073"},"modified":"2008-11-12T12:27:11","modified_gmt":"2008-11-12T15:27:11","slug":"a-elite-voltou-ao-futebol-brasileiro","status":"publish","type":"post","link":"https:\/\/www.fernandoquadro.com.br\/html\/2008\/11\/12\/a-elite-voltou-ao-futebol-brasileiro\/","title":{"rendered":"A Elite voltou ao Futebol Brasileiro"},"content":{"rendered":"<p>Ontem, depois de 29 anos o Ava\u00ed carimbou o seu passaporte para o Campeonato Brasileiro da S\u00e9rie A. A festa no est\u00e1dio da Ressacada foi formid\u00e1vel, e n\u00e3o existem palavras para descrever a emo\u00e7\u00e3o de estar no jogo do acesso. Abaixo est\u00e3o algumas fotos da festa:<\/p>\n<p><center><br \/>\n<img loading=\"lazy\" decoding=\"async\" src=\"http:\/\/www.fernandoquadro.com.br\/html\/wp-content\/uploads\/2008\/11\/evando_seriea.jpg\" alt=\"\" title=\"\" width=\"450\" height=\"337\" class=\"alignnone size-full wp-image-1074\" srcset=\"https:\/\/www.fernandoquadro.com.br\/html\/wp-content\/uploads\/2008\/11\/evando_seriea.jpg 450w, https:\/\/www.fernandoquadro.com.br\/html\/wp-content\/uploads\/2008\/11\/evando_seriea-300x225.jpg 300w\" sizes=\"auto, (max-width: 450px) 100vw, 450px\" \/><br \/>\n<\/center><\/p>\n<p><center><br \/>\n<img loading=\"lazy\" decoding=\"async\" src=\"http:\/\/www.fernandoquadro.com.br\/html\/wp-content\/uploads\/2008\/11\/0000_marquinhos_clicrbs_ricardoduarte.jpg\" alt=\"\" title=\"\" width=\"500\" height=\"375\" class=\"alignnone size-full wp-image-1075\" srcset=\"https:\/\/www.fernandoquadro.com.br\/html\/wp-content\/uploads\/2008\/11\/0000_marquinhos_clicrbs_ricardoduarte.jpg 680w, https:\/\/www.fernandoquadro.com.br\/html\/wp-content\/uploads\/2008\/11\/0000_marquinhos_clicrbs_ricardoduarte-300x225.jpg 300w\" sizes=\"auto, (max-width: 500px) 100vw, 500px\" \/><br \/>\n<\/center><\/p>\n<p><center><br \/>\n<img loading=\"lazy\" decoding=\"async\" src=\"http:\/\/www.fernandoquadro.com.br\/html\/wp-content\/uploads\/2008\/11\/0000_silas_clicrbs_ricardoduarte.jpg\" alt=\"\" title=\"\" width=\"500\" height=\"375\" class=\"alignnone size-full wp-image-1076\" srcset=\"https:\/\/www.fernandoquadro.com.br\/html\/wp-content\/uploads\/2008\/11\/0000_silas_clicrbs_ricardoduarte.jpg 680w, https:\/\/www.fernandoquadro.com.br\/html\/wp-content\/uploads\/2008\/11\/0000_silas_clicrbs_ricardoduarte-300x225.jpg 300w\" sizes=\"auto, (max-width: 500px) 100vw, 500px\" \/><br \/>\n<\/center><\/p>\n<p><center><br \/>\n<img loading=\"lazy\" decoding=\"async\" src=\"http:\/\/www.fernandoquadro.com.br\/html\/wp-content\/uploads\/2008\/11\/0000_guga_clicrbs_flavioneves.jpg\" alt=\"\" title=\"\" width=\"500\" height=\"375\" class=\"alignnone size-full wp-image-1077\" srcset=\"https:\/\/www.fernandoquadro.com.br\/html\/wp-content\/uploads\/2008\/11\/0000_guga_clicrbs_flavioneves.jpg 680w, https:\/\/www.fernandoquadro.com.br\/html\/wp-content\/uploads\/2008\/11\/0000_guga_clicrbs_flavioneves-300x225.jpg 300w\" sizes=\"auto, (max-width: 500px) 100vw, 500px\" \/><br \/>\n<\/center><\/p>\n<p><center><br \/>\n<img loading=\"lazy\" decoding=\"async\" src=\"http:\/\/www.fernandoquadro.com.br\/html\/wp-content\/uploads\/2008\/11\/0000_bombeiro_clicrbs_herminionunes.jpg\" alt=\"\" title=\"\" width=\"500\" height=\"375\" class=\"alignnone size-full wp-image-1078\" srcset=\"https:\/\/www.fernandoquadro.com.br\/html\/wp-content\/uploads\/2008\/11\/0000_bombeiro_clicrbs_herminionunes.jpg 680w, https:\/\/www.fernandoquadro.com.br\/html\/wp-content\/uploads\/2008\/11\/0000_bombeiro_clicrbs_herminionunes-300x225.jpg 300w\" sizes=\"auto, (max-width: 500px) 100vw, 500px\" \/><br \/>\n<\/center><\/p>\n","protected":false},"excerpt":{"rendered":"<p>Ontem, depois de 29 anos o Ava\u00ed carimbou o seu passaporte para o Campeonato Brasileiro da S\u00e9rie A. A festa no est\u00e1dio da Ressacada foi formid\u00e1vel, e n\u00e3o existem palavras para descrever a emo\u00e7\u00e3o de estar no jogo do acesso&#8230;. <a class=\"more-link\" href=\"https:\/\/www.fernandoquadro.com.br\/html\/2008\/11\/12\/a-elite-voltou-ao-futebol-brasileiro\/\">Continue Reading &rarr;<\/a><\/p>\n","protected":false},"author":275,"featured_media":0,"comment_status":"open","ping_status":"closed","sticky":false,"template":"","format":"standard","meta":{"footnotes":""},"categories":[45,4],"tags":[239],"class_list":["post-1073","post","type-post","status-publish","format-standard","hentry","category-avaifc","category-esporte","tag-avaifc"],"_links":{"self":[{"href":"https:\/\/www.fernandoquadro.com.br\/html\/wp-json\/wp\/v2\/posts\/1073","targetHints":{"allow":["GET"]}}],"collection":[{"href":"https:\/\/www.fernandoquadro.com.br\/html\/wp-json\/wp\/v2\/posts"}],"about":[{"href":"https:\/\/www.fernandoquadro.com.br\/html\/wp-json\/wp\/v2\/types\/post"}],"author":[{"embeddable":true,"href":"https:\/\/www.fernandoquadro.com.br\/html\/wp-json\/wp\/v2\/users\/275"}],"replies":[{"embeddable":true,"href":"https:\/\/www.fernandoquadro.com.br\/html\/wp-json\/wp\/v2\/comments?post=1073"}],"version-history":[{"count":2,"href":"https:\/\/www.fernandoquadro.com.br\/html\/wp-json\/wp\/v2\/posts\/1073\/revisions"}],"predecessor-version":[{"id":1080,"href":"https:\/\/www.fernandoquadro.com.br\/html\/wp-json\/wp\/v2\/posts\/1073\/revisions\/1080"}],"wp:attachment":[{"href":"https:\/\/www.fernandoquadro.com.br\/html\/wp-json\/wp\/v2\/media?parent=1073"}],"wp:term":[{"taxonomy":"category","embeddable":true,"href":"https:\/\/www.fernandoquadro.com.br\/html\/wp-json\/wp\/v2\/categories?post=1073"},{"taxonomy":"post_tag","embeddable":true,"href":"https:\/\/www.fernandoquadro.com.br\/html\/wp-json\/wp\/v2\/tags?post=1073"}],"curies":[{"name":"wp","href":"https:\/\/api.w.org\/{rel}","templated":true}]}}