{"id":2149,"date":"2009-04-15T00:10:03","date_gmt":"2009-04-15T03:10:03","guid":{"rendered":"http:\/\/www.fernandoquadro.com.br\/html\/?p=2149"},"modified":"2009-04-13T21:55:31","modified_gmt":"2009-04-14T00:55:31","slug":"homenagem-mae","status":"publish","type":"post","link":"https:\/\/www.fernandoquadro.com.br\/html\/2009\/04\/15\/homenagem-mae\/","title":{"rendered":"Homenagem: M\u00e3e"},"content":{"rendered":"<p>Hoje \u00e9 dia 15 de abril, e estou em S\u00e3o Paulo participando de um evento de Geoprocessamento, por\u00e9m n\u00e3o poderia deixar passar em branco uma data t\u00e3o importante como essa, o anivers\u00e1rio da minha m\u00e3e.<\/p>\n<p><center><br \/>\n<img loading=\"lazy\" decoding=\"async\" src=\"http:\/\/www.fernandoquadro.com.br\/html\/wp-content\/uploads\/2009\/04\/pais.png\" alt=\"\" title=\"\" width=\"400\" height=\"300\" class=\"alignnone size-full wp-image-2150\" srcset=\"https:\/\/www.fernandoquadro.com.br\/html\/wp-content\/uploads\/2009\/04\/pais.png 400w, https:\/\/www.fernandoquadro.com.br\/html\/wp-content\/uploads\/2009\/04\/pais-300x225.png 300w\" sizes=\"auto, (max-width: 400px) 100vw, 400px\" \/><br \/>\n<\/center><\/p>\n<p>\u00c9 dific\u00edl falar da m\u00e3e da gente, n\u00e3o por n\u00e3o termos o que falar, mas pelo contr\u00e1rio, por termos milh\u00f5es de raz\u00f5es e motivos para falar dessa pessoa t\u00e3o especial em nossas vidas. Minha m\u00e3e, assim como meu pai, s\u00e3o pessoas muito especiais na minha vida, e que sempre me deram for\u00e7a em tudo, em todas decis\u00f5es e momentos importantes e dif\u00edceis da minha vida.<\/p>\n<p>Por isso gostaria de dizer para voc\u00ea m\u00e3e, que voc\u00ea \u00e9 muito importante e especial pra mim, e que eu TE AMO muito. Feliz Anivers\u00e1rio.<\/p>\n","protected":false},"excerpt":{"rendered":"<p>Hoje \u00e9 dia 15 de abril, e estou em S\u00e3o Paulo participando de um evento de Geoprocessamento, por\u00e9m n\u00e3o poderia deixar passar em branco uma data t\u00e3o importante como essa, o anivers\u00e1rio da minha m\u00e3e. \u00c9 dific\u00edl falar da m\u00e3e&#8230; <a class=\"more-link\" href=\"https:\/\/www.fernandoquadro.com.br\/html\/2009\/04\/15\/homenagem-mae\/\">Continue Reading &rarr;<\/a><\/p>\n","protected":false},"author":275,"featured_media":0,"comment_status":"open","ping_status":"closed","sticky":false,"template":"","format":"standard","meta":{"footnotes":""},"categories":[1],"tags":[52,181],"class_list":["post-2149","post","type-post","status-publish","format-standard","hentry","category-diversos","tag-aniversario","tag-mae"],"_links":{"self":[{"href":"https:\/\/www.fernandoquadro.com.br\/html\/wp-json\/wp\/v2\/posts\/2149","targetHints":{"allow":["GET"]}}],"collection":[{"href":"https:\/\/www.fernandoquadro.com.br\/html\/wp-json\/wp\/v2\/posts"}],"about":[{"href":"https:\/\/www.fernandoquadro.com.br\/html\/wp-json\/wp\/v2\/types\/post"}],"author":[{"embeddable":true,"href":"https:\/\/www.fernandoquadro.com.br\/html\/wp-json\/wp\/v2\/users\/275"}],"replies":[{"embeddable":true,"href":"https:\/\/www.fernandoquadro.com.br\/html\/wp-json\/wp\/v2\/comments?post=2149"}],"version-history":[{"count":3,"href":"https:\/\/www.fernandoquadro.com.br\/html\/wp-json\/wp\/v2\/posts\/2149\/revisions"}],"predecessor-version":[{"id":2153,"href":"https:\/\/www.fernandoquadro.com.br\/html\/wp-json\/wp\/v2\/posts\/2149\/revisions\/2153"}],"wp:attachment":[{"href":"https:\/\/www.fernandoquadro.com.br\/html\/wp-json\/wp\/v2\/media?parent=2149"}],"wp:term":[{"taxonomy":"category","embeddable":true,"href":"https:\/\/www.fernandoquadro.com.br\/html\/wp-json\/wp\/v2\/categories?post=2149"},{"taxonomy":"post_tag","embeddable":true,"href":"https:\/\/www.fernandoquadro.com.br\/html\/wp-json\/wp\/v2\/tags?post=2149"}],"curies":[{"name":"wp","href":"https:\/\/api.w.org\/{rel}","templated":true}]}}