{"id":239,"date":"2007-09-19T19:14:37","date_gmt":"2007-09-19T22:14:37","guid":{"rendered":"http:\/\/www.fernandoquadro.com.br\/html\/2007\/09\/19\/2%c2%ba-seminario-ruby-on-rails\/"},"modified":"2010-08-27T12:11:33","modified_gmt":"2010-08-27T15:11:33","slug":"2%c2%ba-seminario-ruby-on-rails","status":"publish","type":"post","link":"https:\/\/www.fernandoquadro.com.br\/html\/2007\/09\/19\/2%c2%ba-seminario-ruby-on-rails\/","title":{"rendered":"2\u00ba Semin\u00e1rio Ruby on Rails"},"content":{"rendered":"<p>Gostaria de comunic\u00e1-los sobre o <a href=\"http:\/\/www.temporealeventos.com.br\/?area=77\" target=\"_blank\">2\u00aa semin\u00e1rio de Ruby on Rails<\/a> criado pela Tempo Real, que ser\u00e1 realizado na Universidade S\u00e3o Marcos em S\u00e3o Paulo no dia 27\/10\/2007.<\/p>\n<p><center><br \/>\n<img src='http:\/\/www.fernandoquadro.com.br\/html\/wp-content\/uploads\/2007\/09\/rubyonrails.jpg' alt='Logo Semin\u00e1rio Ruby on Rails' \/><br \/>\n<\/center><\/p>\n<p>O evento ir\u00e1 contar com nomes j\u00e1 conhecidos pela comunidade Ruby on Rails do Brasil como Taq, Ronie Uliana, o pessoal da Dextra, Vin\u00edcius Manh\u00e3es Teles e Ronaldo Ferraz.<\/p>\n<p>Vale o esfor\u00e7o de comparecer neste evento para ver as novidades!<\/p>\n<p>Fonte: <a href=\"http:\/\/blog.egenial.com.br\/?p=85\" target=\"_blank\">e-Genial<\/a><\/p>\n","protected":false},"excerpt":{"rendered":"<p>Gostaria de comunic\u00e1-los sobre o 2\u00aa semin\u00e1rio de Ruby on Rails criado pela Tempo Real, que ser\u00e1 realizado na Universidade S\u00e3o Marcos em S\u00e3o Paulo no dia 27\/10\/2007. O evento ir\u00e1 contar com nomes j\u00e1 conhecidos pela comunidade Ruby on&#8230; <a class=\"more-link\" href=\"https:\/\/www.fernandoquadro.com.br\/html\/2007\/09\/19\/2%c2%ba-seminario-ruby-on-rails\/\">Continue Reading &rarr;<\/a><\/p>\n","protected":false},"author":275,"featured_media":0,"comment_status":"open","ping_status":"closed","sticky":false,"template":"","format":"standard","meta":{"footnotes":""},"categories":[19,31],"tags":[229],"class_list":["post-239","post","type-post","status-publish","format-standard","hentry","category-noticia","category-ruby-on-rails","tag-ruby-on-rails"],"_links":{"self":[{"href":"https:\/\/www.fernandoquadro.com.br\/html\/wp-json\/wp\/v2\/posts\/239","targetHints":{"allow":["GET"]}}],"collection":[{"href":"https:\/\/www.fernandoquadro.com.br\/html\/wp-json\/wp\/v2\/posts"}],"about":[{"href":"https:\/\/www.fernandoquadro.com.br\/html\/wp-json\/wp\/v2\/types\/post"}],"author":[{"embeddable":true,"href":"https:\/\/www.fernandoquadro.com.br\/html\/wp-json\/wp\/v2\/users\/275"}],"replies":[{"embeddable":true,"href":"https:\/\/www.fernandoquadro.com.br\/html\/wp-json\/wp\/v2\/comments?post=239"}],"version-history":[{"count":1,"href":"https:\/\/www.fernandoquadro.com.br\/html\/wp-json\/wp\/v2\/posts\/239\/revisions"}],"predecessor-version":[{"id":3749,"href":"https:\/\/www.fernandoquadro.com.br\/html\/wp-json\/wp\/v2\/posts\/239\/revisions\/3749"}],"wp:attachment":[{"href":"https:\/\/www.fernandoquadro.com.br\/html\/wp-json\/wp\/v2\/media?parent=239"}],"wp:term":[{"taxonomy":"category","embeddable":true,"href":"https:\/\/www.fernandoquadro.com.br\/html\/wp-json\/wp\/v2\/categories?post=239"},{"taxonomy":"post_tag","embeddable":true,"href":"https:\/\/www.fernandoquadro.com.br\/html\/wp-json\/wp\/v2\/tags?post=239"}],"curies":[{"name":"wp","href":"https:\/\/api.w.org\/{rel}","templated":true}]}}