{"id":2489,"date":"2009-06-10T13:37:02","date_gmt":"2009-06-10T16:37:02","guid":{"rendered":"http:\/\/www.fernandoquadro.com.br\/html\/?p=2489"},"modified":"2009-06-10T13:37:02","modified_gmt":"2009-06-10T16:37:02","slug":"festival-geolivre-2009","status":"publish","type":"post","link":"https:\/\/www.fernandoquadro.com.br\/html\/2009\/06\/10\/festival-geolivre-2009\/","title":{"rendered":"Festival GeoLivre 2009"},"content":{"rendered":"<p>Comemorando cinco anos em 2009, a empresa OpenGEO realizar\u00e1 um ciclo de palestras t\u00e9cnicas no dia 18 de junho em Bras\u00edlia, apresentando casos de sucesso e tend\u00eancias para o futuro.<\/p>\n<p>O evento, intitulado Festival GeoLivre 2009, ser\u00e1 uma pr\u00e9via do evento GeoLivre Am\u00e9rica Latina que est\u00e1 planejado para ocorrer no segundo semestre deste ano no Rio de Janeiro.<\/p>\n<p>A grade de programa\u00e7\u00e3o dar\u00e1 destaque a tr\u00eas temas principais: gest\u00e3o p\u00fablica, geotecnologias e software livre.<\/p>\n<p>Fonte: <a href=\"http:\/\/www.mundogeo.com.br\/noticias-diarias.php?id_noticia=13914&#038;lang_id=1\">MundoGEO<\/a><\/p>\n","protected":false},"excerpt":{"rendered":"<p>Comemorando cinco anos em 2009, a empresa OpenGEO realizar\u00e1 um ciclo de palestras t\u00e9cnicas no dia 18 de junho em Bras\u00edlia, apresentando casos de sucesso e tend\u00eancias para o futuro. O evento, intitulado Festival GeoLivre 2009, ser\u00e1 uma pr\u00e9via do&#8230; <a class=\"more-link\" href=\"https:\/\/www.fernandoquadro.com.br\/html\/2009\/06\/10\/festival-geolivre-2009\/\">Continue Reading &rarr;<\/a><\/p>\n","protected":false},"author":275,"featured_media":0,"comment_status":"open","ping_status":"closed","sticky":false,"template":"","format":"standard","meta":{"footnotes":""},"categories":[24],"tags":[223],"class_list":["post-2489","post","type-post","status-publish","format-standard","hentry","category-gis","tag-gis"],"_links":{"self":[{"href":"https:\/\/www.fernandoquadro.com.br\/html\/wp-json\/wp\/v2\/posts\/2489","targetHints":{"allow":["GET"]}}],"collection":[{"href":"https:\/\/www.fernandoquadro.com.br\/html\/wp-json\/wp\/v2\/posts"}],"about":[{"href":"https:\/\/www.fernandoquadro.com.br\/html\/wp-json\/wp\/v2\/types\/post"}],"author":[{"embeddable":true,"href":"https:\/\/www.fernandoquadro.com.br\/html\/wp-json\/wp\/v2\/users\/275"}],"replies":[{"embeddable":true,"href":"https:\/\/www.fernandoquadro.com.br\/html\/wp-json\/wp\/v2\/comments?post=2489"}],"version-history":[{"count":2,"href":"https:\/\/www.fernandoquadro.com.br\/html\/wp-json\/wp\/v2\/posts\/2489\/revisions"}],"predecessor-version":[{"id":2491,"href":"https:\/\/www.fernandoquadro.com.br\/html\/wp-json\/wp\/v2\/posts\/2489\/revisions\/2491"}],"wp:attachment":[{"href":"https:\/\/www.fernandoquadro.com.br\/html\/wp-json\/wp\/v2\/media?parent=2489"}],"wp:term":[{"taxonomy":"category","embeddable":true,"href":"https:\/\/www.fernandoquadro.com.br\/html\/wp-json\/wp\/v2\/categories?post=2489"},{"taxonomy":"post_tag","embeddable":true,"href":"https:\/\/www.fernandoquadro.com.br\/html\/wp-json\/wp\/v2\/tags?post=2489"}],"curies":[{"name":"wp","href":"https:\/\/api.w.org\/{rel}","templated":true}]}}