{"id":2538,"date":"2009-06-22T09:32:09","date_gmt":"2009-06-22T12:32:09","guid":{"rendered":"http:\/\/www.fernandoquadro.com.br\/html\/?p=2538"},"modified":"2009-06-22T09:32:09","modified_gmt":"2009-06-22T12:32:09","slug":"solisc-evento-catarinense-de-software-livre","status":"publish","type":"post","link":"https:\/\/www.fernandoquadro.com.br\/html\/2009\/06\/22\/solisc-evento-catarinense-de-software-livre\/","title":{"rendered":"SOLISC: Evento Catarinense de Software Livre"},"content":{"rendered":"<p>&#8220;Ap\u00f3s 3 anos sem um evento estadual de Software Livre ser\u00e1 retomado o <a href=\"http:\/\/www.solisc.org.br\/\">SOLISC<\/a>. Evento que aconteceu por duas vezes em Joinville e teve sua \u00faltima vers\u00e3o em 2005, em Florian\u00f3polis. A proposta do evento \u00e9 fomentar as discuss\u00f5es sobre software livre em Santa Catarina, aproximando desenvolvedores, empresas, usu\u00e1rios e projetos sociais para o fortalecimento do Software livre no estado. A retomada do evento conta com um grupo de volunt\u00e1rios e novas parcerias, entre elas a Associa\u00e7\u00e3o Cultural Alquim\u00eddia, o Geness e o Centro de Inform\u00e1tica e Estat\u00edstica da Universidade Federal de Santa Catarina.<\/p>\n<p><img loading=\"lazy\" decoding=\"async\" src=\"http:\/\/www.fernandoquadro.com.br\/html\/wp-content\/uploads\/2009\/06\/solisc.PNG\" alt=\"\" title=\"\" width=\"677\" height=\"79\" class=\"alignnone size-full wp-image-2539\" srcset=\"https:\/\/www.fernandoquadro.com.br\/html\/wp-content\/uploads\/2009\/06\/solisc.PNG 677w, https:\/\/www.fernandoquadro.com.br\/html\/wp-content\/uploads\/2009\/06\/solisc-300x35.png 300w, https:\/\/www.fernandoquadro.com.br\/html\/wp-content\/uploads\/2009\/06\/solisc-600x70.png 600w\" sizes=\"auto, (max-width: 677px) 100vw, 677px\" \/><\/p>\n<p>A proposta \u00e9 iniciar as inscri\u00e7\u00f5es durante o FISL 10. Os organizadores do <a href=\"http:\/\/www.solisc.org.br\/\">SOLISC<\/a> estar\u00e3o instalados junto aos grupos de usu\u00e1rios, onde ser\u00e3o realizadas inscri\u00e7\u00f5es para o evento, cadastro de interessados em organizar caravanas e venda de materiais. Ser\u00e3o sorteados brindes para aqueles que realizarem suas inscri\u00e7\u00f5es e para os que fizerem o cadastro de caravanas. Est\u00e1 prevista tamb\u00e9m uma pesquisa de interesse dos usu\u00e1rios, que dever\u00e1 nortear a grade tem\u00e1tica. Quem participar da pesquisa tamb\u00e9m concorre a pr\u00eamios. A chamada de trabalhos est\u00e1 prevista para 15\/09 a 15\/10.<\/p>\n<p>O SOLISC acontecer\u00e1 nos dias 26 e 27 novembro de 2009, no centro de eventos da Universidade Federal de Santa Catarina, em Florian\u00f3polis.&#8221;<\/p>\n<p>Fonte: <a href=\"http:\/\/br-linux.org\/2009\/evento-catarinense-de-software-livre-sera-lancado-no-fisl-10\/\">BR-Linux<\/a><\/p>\n","protected":false},"excerpt":{"rendered":"<p>&#8220;Ap\u00f3s 3 anos sem um evento estadual de Software Livre ser\u00e1 retomado o SOLISC. Evento que aconteceu por duas vezes em Joinville e teve sua \u00faltima vers\u00e3o em 2005, em Florian\u00f3polis. A proposta do evento \u00e9 fomentar as discuss\u00f5es sobre&#8230; <a class=\"more-link\" href=\"https:\/\/www.fernandoquadro.com.br\/html\/2009\/06\/22\/solisc-evento-catarinense-de-software-livre\/\">Continue Reading &rarr;<\/a><\/p>\n","protected":false},"author":275,"featured_media":0,"comment_status":"open","ping_status":"closed","sticky":false,"template":"","format":"standard","meta":{"footnotes":""},"categories":[37,25],"tags":[234,71],"class_list":["post-2538","post","type-post","status-publish","format-standard","hentry","category-evento","category-software","tag-evento","tag-software-livre"],"_links":{"self":[{"href":"https:\/\/www.fernandoquadro.com.br\/html\/wp-json\/wp\/v2\/posts\/2538","targetHints":{"allow":["GET"]}}],"collection":[{"href":"https:\/\/www.fernandoquadro.com.br\/html\/wp-json\/wp\/v2\/posts"}],"about":[{"href":"https:\/\/www.fernandoquadro.com.br\/html\/wp-json\/wp\/v2\/types\/post"}],"author":[{"embeddable":true,"href":"https:\/\/www.fernandoquadro.com.br\/html\/wp-json\/wp\/v2\/users\/275"}],"replies":[{"embeddable":true,"href":"https:\/\/www.fernandoquadro.com.br\/html\/wp-json\/wp\/v2\/comments?post=2538"}],"version-history":[{"count":4,"href":"https:\/\/www.fernandoquadro.com.br\/html\/wp-json\/wp\/v2\/posts\/2538\/revisions"}],"predecessor-version":[{"id":2543,"href":"https:\/\/www.fernandoquadro.com.br\/html\/wp-json\/wp\/v2\/posts\/2538\/revisions\/2543"}],"wp:attachment":[{"href":"https:\/\/www.fernandoquadro.com.br\/html\/wp-json\/wp\/v2\/media?parent=2538"}],"wp:term":[{"taxonomy":"category","embeddable":true,"href":"https:\/\/www.fernandoquadro.com.br\/html\/wp-json\/wp\/v2\/categories?post=2538"},{"taxonomy":"post_tag","embeddable":true,"href":"https:\/\/www.fernandoquadro.com.br\/html\/wp-json\/wp\/v2\/tags?post=2538"}],"curies":[{"name":"wp","href":"https:\/\/api.w.org\/{rel}","templated":true}]}}