{"id":789,"date":"2008-08-21T08:46:02","date_gmt":"2008-08-21T11:46:02","guid":{"rendered":"http:\/\/www.fernandoquadro.com.br\/html\/?p=789"},"modified":"2008-08-21T08:46:02","modified_gmt":"2008-08-21T11:46:02","slug":"citygml-e-adotado-como-padrao-ogc","status":"publish","type":"post","link":"https:\/\/www.fernandoquadro.com.br\/html\/2008\/08\/21\/citygml-e-adotado-como-padrao-ogc\/","title":{"rendered":"CityGML \u00e9 adotado como padr\u00e3o OGC"},"content":{"rendered":"<p align=\"right\">\n<img loading=\"lazy\" decoding=\"async\" src=\"http:\/\/www.fernandoquadro.com.br\/html\/wp-content\/uploads\/2008\/08\/citygmllogo.gif\" alt=\"\" title=\"\" width=\"160\" height=\"120\" class=\"alignnone size-full wp-image-791\" style=\"border: 0px solid rgb(0, 0, 0);float: right; margin-left: 10px; margin-bottom: 10px;\" \/>\n<\/p>\n<p>CityGML \u00e9 adotado como novo padr\u00e3o da OGC, veja o texto de James Fee escreveu:<\/p>\n<p>&#8220;<i>CityGML<\/a> has officially become <a href=\"http:\/\/www.opengeospatial.org\/standards\/citygml\" onclick=\"javascript:urchinTracker ('\/outbound\/article\/www.opengeospatial.org');\">an OGC Standard<\/a>.  This is great news for those of us who are tying to work with and exchange 3D models of buildings and cities.  I&#8217;m still a CityGML newbie, but the more I look at the standard and learn about it, the more I&#8217;m excited about what we&#8217;ll be able to do in the future with <a href=\"http:\/\/en.wikipedia.org\/wiki\/Building_Information_Modeling\" onclick=\"javascript:urchinTracker ('\/outbound\/article\/en.wikipedia.org');\">BIM<\/a> and GIS.  Moving data back and forth between BIM and GIS is almost impossible today, but hopefully this is a huge step forward.  You can view the standard <a href=\"http:\/\/portal.opengeospatial.org\/files\/?artifact_id=28802\" onclick=\"javascript:urchinTracker ('\/outbound\/article\/portal.opengeospatial.org');\">at this link<\/a> (after accepting that <a href=\"http:\/\/think.random-stuff.org\/FrontPage\/archive\/2007\/03\/15\/ogc-needs-to-learn-about-creative-commons\" onclick=\"javascript:urchinTracker ('\/outbound\/article\/think.random-stuff.org');\">wacky<\/a> OGC license).<\/i>&#8221;<\/p>\n<p>Eu particularmente n\u00e3o conhecia o CityGML, provavelmente pelo fato de n\u00e3o trabalhar com modelos 3D, mas fiquei interessado em saber como ele funciona, e darei uma estudada no documento que est\u00e1 na p\u00e1gina da OGC. <\/p>\n<p>E voc\u00ea j\u00e1 conhecia o CityGML? Se sim, e quiser dar sua opini\u00e3o, deixe um coment\u00e1rio.<\/p>\n<p>Fonte: <a href=\"http:\/\/www.spatiallyadjusted.com\/2008\/08\/20\/citygml-adopted-as-offical-ogc-standard\/\" target=\"_blank\">James Fee Blog<\/a><\/p>\n","protected":false},"excerpt":{"rendered":"<p>CityGML \u00e9 adotado como novo padr\u00e3o da OGC, veja o texto de James Fee escreveu: &#8220;CityGML has officially become an OGC Standard. This is great news for those of us who are tying to work with and exchange 3D models&#8230; <a class=\"more-link\" href=\"https:\/\/www.fernandoquadro.com.br\/html\/2008\/08\/21\/citygml-e-adotado-como-padrao-ogc\/\">Continue Reading &rarr;<\/a><\/p>\n","protected":false},"author":275,"featured_media":0,"comment_status":"open","ping_status":"closed","sticky":false,"template":"","format":"standard","meta":{"footnotes":""},"categories":[24,90],"tags":[91,223,243],"class_list":["post-789","post","type-post","status-publish","format-standard","hentry","category-gis","category-ogc","tag-citygml","tag-gis","tag-ogc"],"_links":{"self":[{"href":"https:\/\/www.fernandoquadro.com.br\/html\/wp-json\/wp\/v2\/posts\/789","targetHints":{"allow":["GET"]}}],"collection":[{"href":"https:\/\/www.fernandoquadro.com.br\/html\/wp-json\/wp\/v2\/posts"}],"about":[{"href":"https:\/\/www.fernandoquadro.com.br\/html\/wp-json\/wp\/v2\/types\/post"}],"author":[{"embeddable":true,"href":"https:\/\/www.fernandoquadro.com.br\/html\/wp-json\/wp\/v2\/users\/275"}],"replies":[{"embeddable":true,"href":"https:\/\/www.fernandoquadro.com.br\/html\/wp-json\/wp\/v2\/comments?post=789"}],"version-history":[{"count":3,"href":"https:\/\/www.fernandoquadro.com.br\/html\/wp-json\/wp\/v2\/posts\/789\/revisions"}],"predecessor-version":[{"id":793,"href":"https:\/\/www.fernandoquadro.com.br\/html\/wp-json\/wp\/v2\/posts\/789\/revisions\/793"}],"wp:attachment":[{"href":"https:\/\/www.fernandoquadro.com.br\/html\/wp-json\/wp\/v2\/media?parent=789"}],"wp:term":[{"taxonomy":"category","embeddable":true,"href":"https:\/\/www.fernandoquadro.com.br\/html\/wp-json\/wp\/v2\/categories?post=789"},{"taxonomy":"post_tag","embeddable":true,"href":"https:\/\/www.fernandoquadro.com.br\/html\/wp-json\/wp\/v2\/tags?post=789"}],"curies":[{"name":"wp","href":"https:\/\/api.w.org\/{rel}","templated":true}]}}