{"id":8173,"date":"2019-04-16T11:14:20","date_gmt":"2019-04-16T14:14:20","guid":{"rendered":"http:\/\/www.fernandoquadro.com.br\/html\/?p=8173"},"modified":"2019-08-14T15:04:57","modified_gmt":"2019-08-14T18:04:57","slug":"12o-aniversario","status":"publish","type":"post","link":"https:\/\/www.fernandoquadro.com.br\/html\/2019\/04\/16\/12o-aniversario\/","title":{"rendered":"12\u00ba Anivers\u00e1rio"},"content":{"rendered":"<p>Prezados leitores,<\/p>\n<p>Hoje o blog completa mais um primavera, e somos o blog a mais tempo no ar ininterruptamente falando sobre GIS, totalizando 12 anos de estrada. Nesse tempo muita coisa aconteceu, mas gostaria de destacar 2 nesse \u00faltimo ciclo:<\/p>\n<p><strong>1. <a href=\"http:\/\/www.fernandoquadro.com.br\/html\/2018\/10\/30\/charter-member-da-osgeo\/\" rel=\"noopener noreferrer\" target=\"_blank\">OSGeo Charter Member<\/a><\/strong><\/p>\n<p>Em Outubro de 2018 fui eleito Charter Member da OSGeo, por indica\u00e7\u00e3o do Jody Garnett. Foi minha segunda indica\u00e7\u00e3o, e fiquei muito lisonjeado pela lembran\u00e7a do Jody e tamb\u00e9m muito honrado em poder fazer parte efetivamente desta organiza\u00e7\u00e3o. <\/p>\n<p><strong>2. Professor de MBA em GIS<\/strong><\/p>\n<p>J\u00e1 a algum tempo fui convidado para dar aula no MBA em Geoci\u00eancia e Geotecnologias do IPOG, e no m\u00eas passado ministrei minha primeira disciplina neste curso, que foi Banco de dados espacial, na turma que aconteceu em Altamira-PA. Foi uma experi\u00eancia muito boa!<\/p>\n<p>Por \u00faltimo, gostaria de agradecer a todos que prestigiam o blog lendo os posts, deixando coment\u00e1rios, compartilhando com os amigos! Muito obrigado a todos voc\u00eas!<\/p>\n<p>Abra\u00e7o,<\/p>\n<p>Fernando Quadro<\/p>\n","protected":false},"excerpt":{"rendered":"<p>Prezados leitores, Hoje o blog completa mais um primavera, e somos o blog a mais tempo no ar ininterruptamente falando sobre GIS, totalizando 12 anos de estrada. Nesse tempo muita coisa aconteceu, mas gostaria de destacar 2 nesse \u00faltimo ciclo:&#8230; <a class=\"more-link\" href=\"https:\/\/www.fernandoquadro.com.br\/html\/2019\/04\/16\/12o-aniversario\/\">Continue Reading &rarr;<\/a><\/p>\n","protected":false},"author":275,"featured_media":8176,"comment_status":"open","ping_status":"closed","sticky":false,"template":"","format":"standard","meta":{"footnotes":""},"categories":[1],"tags":[52],"class_list":["post-8173","post","type-post","status-publish","format-standard","has-post-thumbnail","hentry","category-diversos","tag-aniversario"],"_links":{"self":[{"href":"https:\/\/www.fernandoquadro.com.br\/html\/wp-json\/wp\/v2\/posts\/8173","targetHints":{"allow":["GET"]}}],"collection":[{"href":"https:\/\/www.fernandoquadro.com.br\/html\/wp-json\/wp\/v2\/posts"}],"about":[{"href":"https:\/\/www.fernandoquadro.com.br\/html\/wp-json\/wp\/v2\/types\/post"}],"author":[{"embeddable":true,"href":"https:\/\/www.fernandoquadro.com.br\/html\/wp-json\/wp\/v2\/users\/275"}],"replies":[{"embeddable":true,"href":"https:\/\/www.fernandoquadro.com.br\/html\/wp-json\/wp\/v2\/comments?post=8173"}],"version-history":[{"count":2,"href":"https:\/\/www.fernandoquadro.com.br\/html\/wp-json\/wp\/v2\/posts\/8173\/revisions"}],"predecessor-version":[{"id":8433,"href":"https:\/\/www.fernandoquadro.com.br\/html\/wp-json\/wp\/v2\/posts\/8173\/revisions\/8433"}],"wp:featuredmedia":[{"embeddable":true,"href":"https:\/\/www.fernandoquadro.com.br\/html\/wp-json\/wp\/v2\/media\/8176"}],"wp:attachment":[{"href":"https:\/\/www.fernandoquadro.com.br\/html\/wp-json\/wp\/v2\/media?parent=8173"}],"wp:term":[{"taxonomy":"category","embeddable":true,"href":"https:\/\/www.fernandoquadro.com.br\/html\/wp-json\/wp\/v2\/categories?post=8173"},{"taxonomy":"post_tag","embeddable":true,"href":"https:\/\/www.fernandoquadro.com.br\/html\/wp-json\/wp\/v2\/tags?post=8173"}],"curies":[{"name":"wp","href":"https:\/\/api.w.org\/{rel}","templated":true}]}}